{"id":652,"date":"2015-08-09T21:06:52","date_gmt":"2015-08-10T00:06:52","guid":{"rendered":"https:\/\/ced21.com.ar\/site2\/?p=652"},"modified":"2015-08-09T21:06:52","modified_gmt":"2015-08-10T00:06:52","slug":"como-es-un-jefe-con-capacidad-de-liderazgo","status":"publish","type":"post","link":"https:\/\/ced21.com.ar\/web2\/administracion-negocios\/como-es-un-jefe-con-capacidad-de-liderazgo\/","title":{"rendered":"\u00bfC\u00f3mo es un jefe con capacidad de liderazgo?"},"content":{"rendered":"<p><strong>Una persona puede llegar a ser un buen jefe sin ser un buen l\u00edder. Puede cumplir con los objetivos que la empresa espera de \u00e9l como responsable, pero no ser nadie para sus empleados. Y cuando decimos nadie, nos referimos a no ser nada m\u00e1s que una figura de control que solamente transmite \u00f3rdenes pero no motiva ni inspira. Es decir, un mal l\u00edder. En este art\u00edculo te contamos c\u00f3mo debe ser un buen jefe y l\u00edder<\/strong>.<\/p>\n<p><!--more--><\/p>\n<p><b>Positivo<\/b><br \/>\nEs quiz\u00e1 la cualidad m\u00e1s importante de todas. Alguien que lo \u00fanico que inspira es negatividad, dif\u00edcilmente ser\u00e1 seguido por nadie y, por tanto, tampoco ser\u00e1 considerado un l\u00edder ni un ejemplo a seguir.<\/p>\n<p><b>Humilde<\/b><br \/>\nLos aires de grandeza no le sientan bien a nadie. Eres el jefe, pero, \u00bfqu\u00e9 te cuesta hablar a los dem\u00e1s de forma normal? Si eres realmente bueno en algo, los dem\u00e1s seguro que ya lo saben, no hace falta que te las des de entendido y vayas de estrella.<\/p>\n<p><b>Buen comunicador<\/b><br \/>\nTienes que ser capaz de transmitir valores y mensajes positivos a tu equipo. Adem\u00e1s, cuando hay problemas tambi\u00e9n tienes que ser capaz de comunicarlos con eficacia. Un jefe con capacidad de liderazgo rara vez se entrar\u00e1 en c\u00f3lera sin dialogar antes.<\/p>\n<p><b>Emp\u00e1tico<\/b><br \/>\nPara entender a tus empleados y adecuar tus decisiones a sus necesidades y peticiones es importante, adem\u00e1s de escucharles atentamente, ponerse en su lugar. La falta de empat\u00eda es un h\u00e1ndicap muy com\u00fan en las relaciones jefe-empleado.<\/p>\n<p><b>Resolutivo<\/b><br \/>\nSi te ahogas en un vaso de agua, \u00bfqu\u00e9 puedes esperar de tus empleados? Lo m\u00e1s probable: que cuando haya un problema no acudan a ti. Debes ser capaz de transmitir calma a tus empleados y aportar soluciones. Que sepan que pueden contar contigo.<\/p>\n<p><b>Motivado<\/b><br \/>\nEn una empresa el primero que debe tener ganas de sacar las cosas adelante es el jefe. Si la empresa no es tuya y est\u00e1s cansado de luchar, los \u00faltimos que deben darse cuenta de eso son los empleados. Para ellos: el \u00e1nimo siempre arriba.<\/p>\n<p><b>Aut\u00e9ntico<\/b><br \/>\nLos empleados deben conocerte con tus virtudes y tus man\u00edas. Ser jefe no excluye ser natural. Hay tiempo para todo y si los empleados te ven como una persona cercana y normal te tendr\u00e1n un respeto especial. Ser\u00e1s como uno m\u00e1s sin serlo.<\/p>\n<p>Fuente: forbes.es    \t<\/p>\n","protected":false},"excerpt":{"rendered":"<p>Una persona puede llegar a ser un buen jefe sin ser un buen l\u00edder. Puede cumplir con los objetivos que la empresa espera de \u00e9l como responsable, pero no ser [&hellip;]<\/p>\n","protected":false},"author":2,"featured_media":684,"comment_status":"open","ping_status":"open","sticky":false,"template":"","format":"standard","meta":{"footnotes":""},"categories":[76,78],"tags":[],"class_list":["post-652","post","type-post","status-publish","format-standard","has-post-thumbnail","hentry","category-administracion-negocios","category-eventos"],"_links":{"self":[{"href":"https:\/\/ced21.com.ar\/web2\/wp-json\/wp\/v2\/posts\/652","targetHints":{"allow":["GET"]}}],"collection":[{"href":"https:\/\/ced21.com.ar\/web2\/wp-json\/wp\/v2\/posts"}],"about":[{"href":"https:\/\/ced21.com.ar\/web2\/wp-json\/wp\/v2\/types\/post"}],"author":[{"embeddable":true,"href":"https:\/\/ced21.com.ar\/web2\/wp-json\/wp\/v2\/users\/2"}],"replies":[{"embeddable":true,"href":"https:\/\/ced21.com.ar\/web2\/wp-json\/wp\/v2\/comments?post=652"}],"version-history":[{"count":0,"href":"https:\/\/ced21.com.ar\/web2\/wp-json\/wp\/v2\/posts\/652\/revisions"}],"wp:featuredmedia":[{"embeddable":true,"href":"https:\/\/ced21.com.ar\/web2\/wp-json\/wp\/v2\/media\/684"}],"wp:attachment":[{"href":"https:\/\/ced21.com.ar\/web2\/wp-json\/wp\/v2\/media?parent=652"}],"wp:term":[{"taxonomy":"category","embeddable":true,"href":"https:\/\/ced21.com.ar\/web2\/wp-json\/wp\/v2\/categories?post=652"},{"taxonomy":"post_tag","embeddable":true,"href":"https:\/\/ced21.com.ar\/web2\/wp-json\/wp\/v2\/tags?post=652"}],"curies":[{"name":"wp","href":"https:\/\/api.w.org\/{rel}","templated":true}]}}