{"id":790,"date":"2015-10-13T12:19:41","date_gmt":"2015-10-13T15:19:41","guid":{"rendered":"https:\/\/ced21.com.ar\/site2\/?p=790"},"modified":"2015-10-13T12:19:41","modified_gmt":"2015-10-13T15:19:41","slug":"errores-de-ortografia-que-no-se-perdonan-en-un-cv","status":"publish","type":"post","link":"https:\/\/ced21.com.ar\/web2\/sin-categoria\/errores-de-ortografia-que-no-se-perdonan-en-un-cv\/","title":{"rendered":"Errores de ortograf\u00eda que no se perdonan en un CV"},"content":{"rendered":"<p>Mis\u00a0antesedentesestan a dispocision.., Haspiro a una remunerasi\u00f3n de., Mi objetibolavoral es.. La lista de ejemplos puede prolongarse indefinidamente. Al buscar trabajo, hay un axioma que no debe olvidarse: \u00abtodo comunica\u00bb. Y eso, claro, incluye la redacci\u00f3n del CV. Un curr\u00edculum mal escrito, con errores de normativa o fallas en el tipeo, asusta al posible empleador.<\/p>\n<p>Hace unos a\u00f1os, el empresario ingl\u00e9s Charles Ducombe (director de sitios online de viajes, celulares y ropa) hizo un an\u00e1lisis en la Web y descubri\u00f3 que con una mala ortograf\u00eda las ventas pod\u00edan caer hasta 50%. Por eso, dijo que uno de los factores que eval\u00faa al contratar personal es la buena redacci\u00f3n, que otorgar\u00e1 mayor credibilidad a su sitio.<\/p>\n<aside class=\"banner caja2\" data-adpos=\"caja2\">\n<div id=\"eplAdDivcaja2\">Por lo tanto, a la hora de conseguir una ocupaci\u00f3n, escribir bien se convierte en un factor determinante. Quien re\u00fana en su CV \u00abatentados\u00bb contra la lengua probablemente no llegue a una primera entrevista. \u00a1Y esto cobra especial relevancia para alumnos y graduados de Periodismo, Comunicaci\u00f3n Social, Publicidad y Relaciones P\u00fablicas! Para los profesionales de estas carreras, por nombrar solo algunas, la palabra escrita ser\u00e1 la principal herramienta de trabajo.<\/div>\n<div><\/div>\n<div>\u00a1Haber si todos escrivimos un poco mejor!, pareciera ser el desaf\u00edo de la Web. En un mundo online, quienes buscan trabajo est\u00e1n m\u00e1s expuestos, pues las empresas quieren saber todo de una persona antes de una entrevista. Miran sus perfiles en las redes sociales, se fijan en qu\u00e9 sitios particip\u00f3 y, entre otras muchas cosas, analizan c\u00f3mo escribi\u00f3. Los responsables de selecci\u00f3n observan qu\u00e9 se public\u00f3 en las redes, claro, pero el foco est\u00e1 en c\u00f3mo se hizo.<\/div>\n<\/aside>\n<aside class=\"banner caja3\" data-adpos=\"caja3\">\n<div id=\"eplAdDivcaja3\"><\/div>\n<\/aside>\n<p>Si se lee una opini\u00f3n escrita correctamente y otra con errores de normativa, autom\u00e1ticamente uno tiende a aceptar como v\u00e1lida la primera. Por eso, muchas empresas est\u00e1n invirtiendo en capacitar a sus empleados y los env\u00edan no solo a clases de redacci\u00f3n corporativa, sino tambi\u00e9n a cursos de ortograf\u00eda. Es que con los mails y las redes sociales internas, en las compa\u00f1\u00edas, la buena ortograf\u00eda pas\u00f3 del \u00e1mbito privado al p\u00fablico. Resulta inaceptable que alguien en un cargo de mediana o alta responsabilidad no escriba correctamente.<\/p>\n<p>\u00abMi objetivo laboral, es que la organizaci\u00f3n saque lo mejor de mi, teniendo como meta principal trabajar en ONGs\u00bb. Al analizar en detalle esta oraci\u00f3n, se encuentran varios errores que, por repetidos, ya no asustan. Primero: \u00a1evitar la coma entre sujeto y predicado! La coma antes de \u00abes\u00bb responde a una pausa en el discurso oral, que no debe llevarse a la escritura. Segundo: \u00a1recordar el uso de la tilde diacr\u00edtica! \u00abSacar lo mejor de m\u00ed\u00bb debe llevar tilde en el pronombre personal. Tercero: evitar los gerundios. La mayor parte de las veces, los gerundios como \u00abteniendo\u00bb est\u00e1n mal usados. Cuarto: las siglas no tienen plural. Oraciones cortas, ideas claras y, sobre todo, recordar que no se escribe como se habla.<\/p>\n<aside class=\"banner caja4\" data-adpos=\"caja4\">\n<div id=\"eplAdDivcaja4\">Otros errores t\u00edpicos en los CV y en todos los canales de comunicaci\u00f3n son el uso y abuso de may\u00fasculas sin respetar las reglas, el cambio de consonantes (se sustituyen letras como la \u00abq\u00bb por la \u00abk\u00bb para evitarse la \u00abu\u00bb y la \u00abe\u00bb) y la falta de signos de puntuaci\u00f3n. No es igual escribir \u00abNo queremos aprender\u00bb que escribir \u00abNo, queremos aprender\u00bb. Hay confusiones de letras que tambi\u00e9n son dolorosas \u00abiva\u00bb (impuesto) por \u00abiba\u00bb (pret\u00e9rito imperfecto del verbo \u00abir\u00bb) o \u00abtuvo\u00bb por \u00abtubo\u00bb (pieza hueca de forma cil\u00edndrica).<\/div>\n<\/aside>\n<p>Hay errores y horrores, hay diferentes contextos comunicacionales. Nadie espera lo mismo de un mensaje de WhatsApp que de un mail corporativo y hay trabajos en los que la excelente redacci\u00f3n no resulta fundamental. Pero hoy m\u00e1s que nunca la buena ortograf\u00eda se ha convertido en sin\u00f3nimo de prestigio social, de buena educaci\u00f3n. Y esto, muchas veces, marca la diferencia entre conseguir o no una entrevista laboral.<\/p>\n<p><b>Coordinadora del departamento de Desarrollo Profesional de la UP<\/b><\/p>\n<p>Fuente: lanacion.com.ar    \t<\/p>\n","protected":false},"excerpt":{"rendered":"<p>Mis\u00a0antesedentesestan a dispocision.., Haspiro a una remunerasi\u00f3n de., Mi objetibolavoral es.. La lista de ejemplos puede prolongarse indefinidamente. Al buscar trabajo, hay un axioma que no debe olvidarse: \u00abtodo comunica\u00bb. [&hellip;]<\/p>\n","protected":false},"author":2,"featured_media":792,"comment_status":"open","ping_status":"open","sticky":false,"template":"","format":"standard","meta":{"footnotes":""},"categories":[1],"tags":[116,148,149,150,151,152,86],"class_list":["post-790","post","type-post","status-publish","format-standard","has-post-thumbnail","hentry","category-sin-categoria","tag-capacitacion","tag-curriculum-vitae","tag-cv","tag-desarrollo","tag-errores","tag-ortografia","tag-trabajo"],"_links":{"self":[{"href":"https:\/\/ced21.com.ar\/web2\/wp-json\/wp\/v2\/posts\/790","targetHints":{"allow":["GET"]}}],"collection":[{"href":"https:\/\/ced21.com.ar\/web2\/wp-json\/wp\/v2\/posts"}],"about":[{"href":"https:\/\/ced21.com.ar\/web2\/wp-json\/wp\/v2\/types\/post"}],"author":[{"embeddable":true,"href":"https:\/\/ced21.com.ar\/web2\/wp-json\/wp\/v2\/users\/2"}],"replies":[{"embeddable":true,"href":"https:\/\/ced21.com.ar\/web2\/wp-json\/wp\/v2\/comments?post=790"}],"version-history":[{"count":0,"href":"https:\/\/ced21.com.ar\/web2\/wp-json\/wp\/v2\/posts\/790\/revisions"}],"wp:featuredmedia":[{"embeddable":true,"href":"https:\/\/ced21.com.ar\/web2\/wp-json\/wp\/v2\/media\/792"}],"wp:attachment":[{"href":"https:\/\/ced21.com.ar\/web2\/wp-json\/wp\/v2\/media?parent=790"}],"wp:term":[{"taxonomy":"category","embeddable":true,"href":"https:\/\/ced21.com.ar\/web2\/wp-json\/wp\/v2\/categories?post=790"},{"taxonomy":"post_tag","embeddable":true,"href":"https:\/\/ced21.com.ar\/web2\/wp-json\/wp\/v2\/tags?post=790"}],"curies":[{"name":"wp","href":"https:\/\/api.w.org\/{rel}","templated":true}]}}