{"id":829,"date":"2016-01-05T12:09:22","date_gmt":"2016-01-05T15:09:22","guid":{"rendered":"https:\/\/ced21.com.ar\/site2\/?p=829"},"modified":"2016-01-05T12:09:22","modified_gmt":"2016-01-05T15:09:22","slug":"coaching-la-humildad-puede-hacerte-el-mejor-lider","status":"publish","type":"post","link":"https:\/\/ced21.com.ar\/web2\/sin-categoria\/coaching-la-humildad-puede-hacerte-el-mejor-lider\/","title":{"rendered":"Coaching: La humildad puede hacerte el mejor l\u00edder"},"content":{"rendered":"<p>&nbsp;<\/p>\n<p><strong>Cuando piensas en un mal l\u00edder, \u00bfqu\u00e9 se te viene a la cabeza? Posiblemente muchos defectos, entre los que se encuentra la falta de humildad. Es una caracter\u00edstica tristemente poco recompensada pero que es un rasgo de liderazgo sin igual. Aqu\u00ed siete razones de por qu\u00e9 la humildad te har\u00e1 mejor en tu negocio.<\/strong><\/p>\n<p><!--more--><\/p>\n<p>Estos l\u00edderes muestran confianza, fuerza y \u200b\u200baudacia. Conf\u00edan en quien deben y saben c\u00f3mo actuar en p\u00fablico. Su oratoria les llevar\u00e1 a\u00fan m\u00e1s lejos.\u00a0Se ensucian las manos. Entienden que el trabajo exitoso forma parte de un equipo, no de una persona, por lo que no temen en hacer la tarea dura.<\/p>\n<p>Dan poder y responsabilidades a quienes les rodean. Su mejor forma de extender su legado es la de hacer m\u00e1s fuertes y profesionales a sus empleados.\u00a0Cuando fallan en algo, no juegan a culpar a otros empleados. Aceptan sus responsabilidades y contin\u00faan con sus metas.<\/p>\n<p>Piensan a largo plazo. No mienten en sus tratos y eso les har\u00e1 tener buenos contactos en un futuro.\u00a0Tienen una responsabilidad social. Un ejemplo incluye proporcionar tiempo libre para que los empleados hagan voluntarios, igualando las donaciones caritativas de los mismos trabajadores.<\/p>\n<p>Los l\u00edderes que poseen la humildad est\u00e1n dedicados al crecimiento personal y profesional de las personas en sus empresas u organizaciones. Se toman el tiempo para invertir en los empleados j\u00f3venes, l\u00edderes de pr\u00f3xima generaci\u00f3n y los que son nuevos en su organizaci\u00f3n.<\/p>\n<p>Fuente: forbes.es    \t<\/p>\n","protected":false},"excerpt":{"rendered":"<p>&nbsp; Cuando piensas en un mal l\u00edder, \u00bfqu\u00e9 se te viene a la cabeza? Posiblemente muchos defectos, entre los que se encuentra la falta de humildad. Es una caracter\u00edstica tristemente [&hellip;]<\/p>\n","protected":false},"author":2,"featured_media":830,"comment_status":"open","ping_status":"open","sticky":false,"template":"","format":"standard","meta":{"footnotes":""},"categories":[1],"tags":[215,216,217,218,219,119],"class_list":["post-829","post","type-post","status-publish","format-standard","has-post-thumbnail","hentry","category-sin-categoria","tag-caracteristica","tag-coaching","tag-humildad","tag-lider","tag-liderazgo","tag-negocio"],"_links":{"self":[{"href":"https:\/\/ced21.com.ar\/web2\/wp-json\/wp\/v2\/posts\/829","targetHints":{"allow":["GET"]}}],"collection":[{"href":"https:\/\/ced21.com.ar\/web2\/wp-json\/wp\/v2\/posts"}],"about":[{"href":"https:\/\/ced21.com.ar\/web2\/wp-json\/wp\/v2\/types\/post"}],"author":[{"embeddable":true,"href":"https:\/\/ced21.com.ar\/web2\/wp-json\/wp\/v2\/users\/2"}],"replies":[{"embeddable":true,"href":"https:\/\/ced21.com.ar\/web2\/wp-json\/wp\/v2\/comments?post=829"}],"version-history":[{"count":0,"href":"https:\/\/ced21.com.ar\/web2\/wp-json\/wp\/v2\/posts\/829\/revisions"}],"wp:featuredmedia":[{"embeddable":true,"href":"https:\/\/ced21.com.ar\/web2\/wp-json\/wp\/v2\/media\/830"}],"wp:attachment":[{"href":"https:\/\/ced21.com.ar\/web2\/wp-json\/wp\/v2\/media?parent=829"}],"wp:term":[{"taxonomy":"category","embeddable":true,"href":"https:\/\/ced21.com.ar\/web2\/wp-json\/wp\/v2\/categories?post=829"},{"taxonomy":"post_tag","embeddable":true,"href":"https:\/\/ced21.com.ar\/web2\/wp-json\/wp\/v2\/tags?post=829"}],"curies":[{"name":"wp","href":"https:\/\/api.w.org\/{rel}","templated":true}]}}